{"id":7478,"date":"2024-08-14T13:15:24","date_gmt":"2024-08-14T11:15:24","guid":{"rendered":"https:\/\/circvoramar.com\/cia-insomnia-nou-circ-formada-pels-valencians-victor-garmendia-i-manu-rodas-presenten-el-seu-espectacle-la-cara-fosca-de-la-lluna"},"modified":"2024-08-14T18:51:41","modified_gmt":"2024-08-14T16:51:41","slug":"cia-insomnia-nou-circ-formada-pels-valencians-victor-garmendia-i-manu-rodas-presenten-el-seu-espectacle-la-cara-fosca-de-la-lluna","status":"publish","type":"post","link":"https:\/\/circvoramar.com\/es\/cia-insomnia-nou-circ-formada-pels-valencians-victor-garmendia-i-manu-rodas-presenten-el-seu-espectacle-la-cara-fosca-de-la-lluna","title":{"rendered":"C\u00cdA INSOMNIA NUEVO CIRCO, FORMADA POR LOS VALENCIANOS V\u00cdCTOR GARMENDIA I MANU RODAS PRESENTAN, SU ESPECT\u00c1CULO \u201cLA CARA OSCURA DE LA LUNA\u201d"},"content":{"rendered":"<div class=\"fusion-fullwidth fullwidth-box fusion-builder-row-1 fusion-flex-container has-pattern-background has-mask-background nonhundred-percent-fullwidth non-hundred-percent-height-scrolling\" style=\"--awb-border-radius-top-left:0px;--awb-border-radius-top-right:0px;--awb-border-radius-bottom-right:0px;--awb-border-radius-bottom-left:0px;--awb-flex-wrap:wrap;\" ><div class=\"fusion-builder-row fusion-row fusion-flex-align-items-flex-start fusion-flex-content-wrap\" style=\"max-width:1248px;margin-left: calc(-4% \/ 2 );margin-right: calc(-4% \/ 2 );\"><div class=\"fusion-layout-column fusion_builder_column fusion-builder-column-0 fusion_builder_column_1_1 1_1 fusion-flex-column\" style=\"--awb-bg-size:cover;--awb-width-large:100%;--awb-margin-top-large:0px;--awb-spacing-right-large:1.92%;--awb-margin-bottom-large:0px;--awb-spacing-left-large:1.92%;--awb-width-medium:100%;--awb-order-medium:0;--awb-spacing-right-medium:1.92%;--awb-spacing-left-medium:1.92%;--awb-width-small:100%;--awb-order-small:0;--awb-spacing-right-small:1.92%;--awb-spacing-left-small:1.92%;\"><div class=\"fusion-column-wrapper fusion-column-has-shadow fusion-flex-justify-content-flex-start fusion-content-layout-column\"><div class=\"fusion-text fusion-text-1\"><p><strong>La cara oscura de la luna<\/strong> propone mirar con otros ojos el que la oscuridad esconde, la luz indirecta tan solo permite intuir, pero nunca se muestra. Una evocaci\u00f3n\u0301 del que siendo el <strong>malabarista<\/strong> como ejecutante de un oficio, como punto de partida de unos malabares accesibles a todo tipo de p\u00fablico.<\/p>\n<p>Los malabares son una escuela de gesti\u00f3n\u0301 de la complejidad? Hablamos de las lateralidades sistem\u00e1ticas y las ocho dimensiones espaciales. <strong>Un arte de belleza visual<\/strong> y habilidades psicomotrices? Una danza virtuosa? Un reto que reta la ley de la gravedad?<\/p>\n<p>La evocacio\u0301n de la capacidad humana de expresarse mediante los objetos, de trabajar con las manos\u2026 La libre exploraci\u00f3n de las posibilidades corporales y mentales. El arte de hacer accesible la dificultad. La improvisaci\u00f3n y el movimiento como acicates de la rutina contempor\u00e1nea con la paradoja de conseguir que una t\u00e9cnica de movimiento rutinario sea el veh\u00edculo para de construir el virtuosismo establecido.<\/p>\n<p>Que\u0300 viene a la mente con la palabra malabarista? Porque solo miramos la luna por la noche, cuando muchas veces flota en el cielo en compa\u00f1\u00eda del sol? Qu\u00e9 es la cara oscura de los malabares contempor\u00e1neos? Y qu\u00e9, la luz que desprenden, sus inmensos beneficios? 360 grados de inmersi\u00f3n total.<\/p>\n<p>Son algunos de los interrogantes que propone Insomnia Nuevo Circo en La cara oscura de la luna.<\/p>\n<p align=\"justify\"><strong>Viernes de 17h a 19h Taller de malabares<\/strong>. Patrones de pases sim\u00e9tricos escalonados en grupo. Exploraremos patrones donde los malabaristas hacen lo mismo pero en momentos diferentes, para todos los niveles. <strong>EDAD RECOMENDADA +11 A\u00d1OS<\/strong>, <strong>no<\/strong> <strong>es necesario conocimientos previos<\/strong>.<\/p>\n<p align=\"justify\"><strong>Y a las 19.45h el espect\u00e1culo, en espacio central en Tinglado 2 La Marina de Valencia (puerto de Valencia).<\/strong><\/p>\n<\/div><\/div><\/div><\/div><\/div>\n","protected":false},"excerpt":{"rendered":"","protected":false},"author":67,"featured_media":7452,"comment_status":"open","ping_status":"open","sticky":false,"template":"","format":"standard","meta":{"footnotes":""},"categories":[134],"tags":[],"class_list":["post-7478","post","type-post","status-publish","format-standard","has-post-thumbnail","hentry","category-programacion-es"],"yoast_head":"<!-- This site is optimized with the Yoast SEO plugin v27.5 - https:\/\/yoast.com\/product\/yoast-seo-wordpress\/ -->\n<title>C\u00cdA INSOMNIA NUEVO CIRCO, FORMADA POR LOS VALENCIANOS V\u00cdCTOR GARMENDIA I MANU RODAS PRESENTAN, SU ESPECT\u00c1CULO \u201cLA CARA OSCURA DE LA LUNA\u201d - Circ Voramar<\/title>\n<meta name=\"robots\" content=\"index, follow, max-snippet:-1, max-image-preview:large, max-video-preview:-1\" \/>\n<link rel=\"canonical\" href=\"https:\/\/circvoramar.com\/es\/cia-insomnia-nou-circ-formada-pels-valencians-victor-garmendia-i-manu-rodas-presenten-el-seu-espectacle-la-cara-fosca-de-la-lluna\" \/>\n<meta property=\"og:locale\" content=\"es_ES\" \/>\n<meta property=\"og:type\" content=\"article\" \/>\n<meta property=\"og:title\" content=\"C\u00cdA INSOMNIA NUEVO CIRCO, FORMADA POR LOS VALENCIANOS V\u00cdCTOR GARMENDIA I MANU RODAS PRESENTAN, SU ESPECT\u00c1CULO \u201cLA CARA OSCURA DE LA LUNA\u201d - Circ Voramar\" \/>\n<meta property=\"og:url\" content=\"https:\/\/circvoramar.com\/es\/cia-insomnia-nou-circ-formada-pels-valencians-victor-garmendia-i-manu-rodas-presenten-el-seu-espectacle-la-cara-fosca-de-la-lluna\" \/>\n<meta property=\"og:site_name\" content=\"Circ Voramar\" \/>\n<meta property=\"article:publisher\" content=\"https:\/\/www.facebook.com\/circvoramar\/\" \/>\n<meta property=\"article:published_time\" content=\"2024-08-14T11:15:24+00:00\" \/>\n<meta property=\"article:modified_time\" content=\"2024-08-14T16:51:41+00:00\" \/>\n<meta property=\"og:image\" content=\"https:\/\/circvoramar.com\/wp-content\/uploads\/2024\/08\/Baraka-Circ-Voramar.fosca_.jpg\" \/>\n\t<meta property=\"og:image:width\" content=\"450\" \/>\n\t<meta property=\"og:image:height\" content=\"300\" \/>\n\t<meta property=\"og:image:type\" content=\"image\/jpeg\" \/>\n<meta name=\"author\" content=\"programaci\u00f3n\" \/>\n<meta name=\"twitter:card\" content=\"summary_large_image\" \/>\n<meta name=\"twitter:label1\" content=\"Escrito por\" \/>\n\t<meta name=\"twitter:data1\" content=\"programaci\u00f3n\" \/>\n\t<meta name=\"twitter:label2\" content=\"Tiempo de lectura\" \/>\n\t<meta name=\"twitter:data2\" content=\"2 minutos\" \/>\n<script type=\"application\/ld+json\" class=\"yoast-schema-graph\">{\"@context\":\"https:\\\/\\\/schema.org\",\"@graph\":[{\"@type\":\"Article\",\"@id\":\"https:\\\/\\\/circvoramar.com\\\/es\\\/cia-insomnia-nou-circ-formada-pels-valencians-victor-garmendia-i-manu-rodas-presenten-el-seu-espectacle-la-cara-fosca-de-la-lluna#article\",\"isPartOf\":{\"@id\":\"https:\\\/\\\/circvoramar.com\\\/es\\\/cia-insomnia-nou-circ-formada-pels-valencians-victor-garmendia-i-manu-rodas-presenten-el-seu-espectacle-la-cara-fosca-de-la-lluna\"},\"author\":{\"name\":\"programaci\u00f3n\",\"@id\":\"https:\\\/\\\/circvoramar.com\\\/es\\\/#\\\/schema\\\/person\\\/1ac395b4b6ac8798cab572a3474aceae\"},\"headline\":\"C\u00cdA INSOMNIA NUEVO CIRCO, FORMADA POR LOS VALENCIANOS V\u00cdCTOR GARMENDIA I MANU RODAS PRESENTAN, SU ESPECT\u00c1CULO \u201cLA CARA OSCURA DE LA LUNA\u201d\",\"datePublished\":\"2024-08-14T11:15:24+00:00\",\"dateModified\":\"2024-08-14T16:51:41+00:00\",\"mainEntityOfPage\":{\"@id\":\"https:\\\/\\\/circvoramar.com\\\/es\\\/cia-insomnia-nou-circ-formada-pels-valencians-victor-garmendia-i-manu-rodas-presenten-el-seu-espectacle-la-cara-fosca-de-la-lluna\"},\"wordCount\":1363,\"commentCount\":0,\"image\":{\"@id\":\"https:\\\/\\\/circvoramar.com\\\/es\\\/cia-insomnia-nou-circ-formada-pels-valencians-victor-garmendia-i-manu-rodas-presenten-el-seu-espectacle-la-cara-fosca-de-la-lluna#primaryimage\"},\"thumbnailUrl\":\"https:\\\/\\\/circvoramar.com\\\/wp-content\\\/uploads\\\/2024\\\/08\\\/Baraka-Circ-Voramar.fosca_.jpg\",\"articleSection\":[\"PROGRAMACI\u00d3N\"],\"inLanguage\":\"es\",\"potentialAction\":[{\"@type\":\"CommentAction\",\"name\":\"Comment\",\"target\":[\"https:\\\/\\\/circvoramar.com\\\/es\\\/cia-insomnia-nou-circ-formada-pels-valencians-victor-garmendia-i-manu-rodas-presenten-el-seu-espectacle-la-cara-fosca-de-la-lluna#respond\"]}]},{\"@type\":\"WebPage\",\"@id\":\"https:\\\/\\\/circvoramar.com\\\/es\\\/cia-insomnia-nou-circ-formada-pels-valencians-victor-garmendia-i-manu-rodas-presenten-el-seu-espectacle-la-cara-fosca-de-la-lluna\",\"url\":\"https:\\\/\\\/circvoramar.com\\\/es\\\/cia-insomnia-nou-circ-formada-pels-valencians-victor-garmendia-i-manu-rodas-presenten-el-seu-espectacle-la-cara-fosca-de-la-lluna\",\"name\":\"C\u00cdA INSOMNIA NUEVO CIRCO, FORMADA POR LOS VALENCIANOS V\u00cdCTOR GARMENDIA I MANU RODAS PRESENTAN, SU ESPECT\u00c1CULO \u201cLA CARA OSCURA DE LA LUNA\u201d - Circ Voramar\",\"isPartOf\":{\"@id\":\"https:\\\/\\\/circvoramar.com\\\/es\\\/#website\"},\"primaryImageOfPage\":{\"@id\":\"https:\\\/\\\/circvoramar.com\\\/es\\\/cia-insomnia-nou-circ-formada-pels-valencians-victor-garmendia-i-manu-rodas-presenten-el-seu-espectacle-la-cara-fosca-de-la-lluna#primaryimage\"},\"image\":{\"@id\":\"https:\\\/\\\/circvoramar.com\\\/es\\\/cia-insomnia-nou-circ-formada-pels-valencians-victor-garmendia-i-manu-rodas-presenten-el-seu-espectacle-la-cara-fosca-de-la-lluna#primaryimage\"},\"thumbnailUrl\":\"https:\\\/\\\/circvoramar.com\\\/wp-content\\\/uploads\\\/2024\\\/08\\\/Baraka-Circ-Voramar.fosca_.jpg\",\"datePublished\":\"2024-08-14T11:15:24+00:00\",\"dateModified\":\"2024-08-14T16:51:41+00:00\",\"author\":{\"@id\":\"https:\\\/\\\/circvoramar.com\\\/es\\\/#\\\/schema\\\/person\\\/1ac395b4b6ac8798cab572a3474aceae\"},\"breadcrumb\":{\"@id\":\"https:\\\/\\\/circvoramar.com\\\/es\\\/cia-insomnia-nou-circ-formada-pels-valencians-victor-garmendia-i-manu-rodas-presenten-el-seu-espectacle-la-cara-fosca-de-la-lluna#breadcrumb\"},\"inLanguage\":\"es\",\"potentialAction\":[{\"@type\":\"ReadAction\",\"target\":[\"https:\\\/\\\/circvoramar.com\\\/es\\\/cia-insomnia-nou-circ-formada-pels-valencians-victor-garmendia-i-manu-rodas-presenten-el-seu-espectacle-la-cara-fosca-de-la-lluna\"]}]},{\"@type\":\"ImageObject\",\"inLanguage\":\"es\",\"@id\":\"https:\\\/\\\/circvoramar.com\\\/es\\\/cia-insomnia-nou-circ-formada-pels-valencians-victor-garmendia-i-manu-rodas-presenten-el-seu-espectacle-la-cara-fosca-de-la-lluna#primaryimage\",\"url\":\"https:\\\/\\\/circvoramar.com\\\/wp-content\\\/uploads\\\/2024\\\/08\\\/Baraka-Circ-Voramar.fosca_.jpg\",\"contentUrl\":\"https:\\\/\\\/circvoramar.com\\\/wp-content\\\/uploads\\\/2024\\\/08\\\/Baraka-Circ-Voramar.fosca_.jpg\",\"width\":450,\"height\":300},{\"@type\":\"BreadcrumbList\",\"@id\":\"https:\\\/\\\/circvoramar.com\\\/es\\\/cia-insomnia-nou-circ-formada-pels-valencians-victor-garmendia-i-manu-rodas-presenten-el-seu-espectacle-la-cara-fosca-de-la-lluna#breadcrumb\",\"itemListElement\":[{\"@type\":\"ListItem\",\"position\":1,\"name\":\"Portada\",\"item\":\"https:\\\/\\\/circvoramar.com\\\/es\\\/inicio\"},{\"@type\":\"ListItem\",\"position\":2,\"name\":\"C\u00cdA INSOMNIA NUEVO CIRCO, FORMADA POR LOS VALENCIANOS V\u00cdCTOR GARMENDIA I MANU RODAS PRESENTAN, SU ESPECT\u00c1CULO \u201cLA CARA OSCURA DE LA LUNA\u201d\"}]},{\"@type\":\"WebSite\",\"@id\":\"https:\\\/\\\/circvoramar.com\\\/es\\\/#website\",\"url\":\"https:\\\/\\\/circvoramar.com\\\/es\\\/\",\"name\":\"Circ Voramar\",\"description\":\"Contemporani i circ social poblats mar\u00edtims\",\"potentialAction\":[{\"@type\":\"SearchAction\",\"target\":{\"@type\":\"EntryPoint\",\"urlTemplate\":\"https:\\\/\\\/circvoramar.com\\\/es\\\/?s={search_term_string}\"},\"query-input\":{\"@type\":\"PropertyValueSpecification\",\"valueRequired\":true,\"valueName\":\"search_term_string\"}}],\"inLanguage\":\"es\"},{\"@type\":\"Person\",\"@id\":\"https:\\\/\\\/circvoramar.com\\\/es\\\/#\\\/schema\\\/person\\\/1ac395b4b6ac8798cab572a3474aceae\",\"name\":\"programaci\u00f3n\",\"image\":{\"@type\":\"ImageObject\",\"inLanguage\":\"es\",\"@id\":\"https:\\\/\\\/secure.gravatar.com\\\/avatar\\\/0ec56849255b442e174c5a2fe8d028320dd18918fdbf02d8321c35b6c74b54bf?s=96&d=mm&r=g\",\"url\":\"https:\\\/\\\/secure.gravatar.com\\\/avatar\\\/0ec56849255b442e174c5a2fe8d028320dd18918fdbf02d8321c35b6c74b54bf?s=96&d=mm&r=g\",\"contentUrl\":\"https:\\\/\\\/secure.gravatar.com\\\/avatar\\\/0ec56849255b442e174c5a2fe8d028320dd18918fdbf02d8321c35b6c74b54bf?s=96&d=mm&r=g\",\"caption\":\"programaci\u00f3n\"},\"url\":\"https:\\\/\\\/circvoramar.com\\\/es\\\/author\\\/webmistress\"}]}<\/script>\n<!-- \/ Yoast SEO plugin. -->","yoast_head_json":{"title":"C\u00cdA INSOMNIA NUEVO CIRCO, FORMADA POR LOS VALENCIANOS V\u00cdCTOR GARMENDIA I MANU RODAS PRESENTAN, SU ESPECT\u00c1CULO \u201cLA CARA OSCURA DE LA LUNA\u201d - Circ Voramar","robots":{"index":"index","follow":"follow","max-snippet":"max-snippet:-1","max-image-preview":"max-image-preview:large","max-video-preview":"max-video-preview:-1"},"canonical":"https:\/\/circvoramar.com\/es\/cia-insomnia-nou-circ-formada-pels-valencians-victor-garmendia-i-manu-rodas-presenten-el-seu-espectacle-la-cara-fosca-de-la-lluna","og_locale":"es_ES","og_type":"article","og_title":"C\u00cdA INSOMNIA NUEVO CIRCO, FORMADA POR LOS VALENCIANOS V\u00cdCTOR GARMENDIA I MANU RODAS PRESENTAN, SU ESPECT\u00c1CULO \u201cLA CARA OSCURA DE LA LUNA\u201d - Circ Voramar","og_url":"https:\/\/circvoramar.com\/es\/cia-insomnia-nou-circ-formada-pels-valencians-victor-garmendia-i-manu-rodas-presenten-el-seu-espectacle-la-cara-fosca-de-la-lluna","og_site_name":"Circ Voramar","article_publisher":"https:\/\/www.facebook.com\/circvoramar\/","article_published_time":"2024-08-14T11:15:24+00:00","article_modified_time":"2024-08-14T16:51:41+00:00","og_image":[{"width":450,"height":300,"url":"https:\/\/circvoramar.com\/wp-content\/uploads\/2024\/08\/Baraka-Circ-Voramar.fosca_.jpg","type":"image\/jpeg"}],"author":"programaci\u00f3n","twitter_card":"summary_large_image","twitter_misc":{"Escrito por":"programaci\u00f3n","Tiempo de lectura":"2 minutos"},"schema":{"@context":"https:\/\/schema.org","@graph":[{"@type":"Article","@id":"https:\/\/circvoramar.com\/es\/cia-insomnia-nou-circ-formada-pels-valencians-victor-garmendia-i-manu-rodas-presenten-el-seu-espectacle-la-cara-fosca-de-la-lluna#article","isPartOf":{"@id":"https:\/\/circvoramar.com\/es\/cia-insomnia-nou-circ-formada-pels-valencians-victor-garmendia-i-manu-rodas-presenten-el-seu-espectacle-la-cara-fosca-de-la-lluna"},"author":{"name":"programaci\u00f3n","@id":"https:\/\/circvoramar.com\/es\/#\/schema\/person\/1ac395b4b6ac8798cab572a3474aceae"},"headline":"C\u00cdA INSOMNIA NUEVO CIRCO, FORMADA POR LOS VALENCIANOS V\u00cdCTOR GARMENDIA I MANU RODAS PRESENTAN, SU ESPECT\u00c1CULO \u201cLA CARA OSCURA DE LA LUNA\u201d","datePublished":"2024-08-14T11:15:24+00:00","dateModified":"2024-08-14T16:51:41+00:00","mainEntityOfPage":{"@id":"https:\/\/circvoramar.com\/es\/cia-insomnia-nou-circ-formada-pels-valencians-victor-garmendia-i-manu-rodas-presenten-el-seu-espectacle-la-cara-fosca-de-la-lluna"},"wordCount":1363,"commentCount":0,"image":{"@id":"https:\/\/circvoramar.com\/es\/cia-insomnia-nou-circ-formada-pels-valencians-victor-garmendia-i-manu-rodas-presenten-el-seu-espectacle-la-cara-fosca-de-la-lluna#primaryimage"},"thumbnailUrl":"https:\/\/circvoramar.com\/wp-content\/uploads\/2024\/08\/Baraka-Circ-Voramar.fosca_.jpg","articleSection":["PROGRAMACI\u00d3N"],"inLanguage":"es","potentialAction":[{"@type":"CommentAction","name":"Comment","target":["https:\/\/circvoramar.com\/es\/cia-insomnia-nou-circ-formada-pels-valencians-victor-garmendia-i-manu-rodas-presenten-el-seu-espectacle-la-cara-fosca-de-la-lluna#respond"]}]},{"@type":"WebPage","@id":"https:\/\/circvoramar.com\/es\/cia-insomnia-nou-circ-formada-pels-valencians-victor-garmendia-i-manu-rodas-presenten-el-seu-espectacle-la-cara-fosca-de-la-lluna","url":"https:\/\/circvoramar.com\/es\/cia-insomnia-nou-circ-formada-pels-valencians-victor-garmendia-i-manu-rodas-presenten-el-seu-espectacle-la-cara-fosca-de-la-lluna","name":"C\u00cdA INSOMNIA NUEVO CIRCO, FORMADA POR LOS VALENCIANOS V\u00cdCTOR GARMENDIA I MANU RODAS PRESENTAN, SU ESPECT\u00c1CULO \u201cLA CARA OSCURA DE LA LUNA\u201d - Circ Voramar","isPartOf":{"@id":"https:\/\/circvoramar.com\/es\/#website"},"primaryImageOfPage":{"@id":"https:\/\/circvoramar.com\/es\/cia-insomnia-nou-circ-formada-pels-valencians-victor-garmendia-i-manu-rodas-presenten-el-seu-espectacle-la-cara-fosca-de-la-lluna#primaryimage"},"image":{"@id":"https:\/\/circvoramar.com\/es\/cia-insomnia-nou-circ-formada-pels-valencians-victor-garmendia-i-manu-rodas-presenten-el-seu-espectacle-la-cara-fosca-de-la-lluna#primaryimage"},"thumbnailUrl":"https:\/\/circvoramar.com\/wp-content\/uploads\/2024\/08\/Baraka-Circ-Voramar.fosca_.jpg","datePublished":"2024-08-14T11:15:24+00:00","dateModified":"2024-08-14T16:51:41+00:00","author":{"@id":"https:\/\/circvoramar.com\/es\/#\/schema\/person\/1ac395b4b6ac8798cab572a3474aceae"},"breadcrumb":{"@id":"https:\/\/circvoramar.com\/es\/cia-insomnia-nou-circ-formada-pels-valencians-victor-garmendia-i-manu-rodas-presenten-el-seu-espectacle-la-cara-fosca-de-la-lluna#breadcrumb"},"inLanguage":"es","potentialAction":[{"@type":"ReadAction","target":["https:\/\/circvoramar.com\/es\/cia-insomnia-nou-circ-formada-pels-valencians-victor-garmendia-i-manu-rodas-presenten-el-seu-espectacle-la-cara-fosca-de-la-lluna"]}]},{"@type":"ImageObject","inLanguage":"es","@id":"https:\/\/circvoramar.com\/es\/cia-insomnia-nou-circ-formada-pels-valencians-victor-garmendia-i-manu-rodas-presenten-el-seu-espectacle-la-cara-fosca-de-la-lluna#primaryimage","url":"https:\/\/circvoramar.com\/wp-content\/uploads\/2024\/08\/Baraka-Circ-Voramar.fosca_.jpg","contentUrl":"https:\/\/circvoramar.com\/wp-content\/uploads\/2024\/08\/Baraka-Circ-Voramar.fosca_.jpg","width":450,"height":300},{"@type":"BreadcrumbList","@id":"https:\/\/circvoramar.com\/es\/cia-insomnia-nou-circ-formada-pels-valencians-victor-garmendia-i-manu-rodas-presenten-el-seu-espectacle-la-cara-fosca-de-la-lluna#breadcrumb","itemListElement":[{"@type":"ListItem","position":1,"name":"Portada","item":"https:\/\/circvoramar.com\/es\/inicio"},{"@type":"ListItem","position":2,"name":"C\u00cdA INSOMNIA NUEVO CIRCO, FORMADA POR LOS VALENCIANOS V\u00cdCTOR GARMENDIA I MANU RODAS PRESENTAN, SU ESPECT\u00c1CULO \u201cLA CARA OSCURA DE LA LUNA\u201d"}]},{"@type":"WebSite","@id":"https:\/\/circvoramar.com\/es\/#website","url":"https:\/\/circvoramar.com\/es\/","name":"Circ Voramar","description":"Contemporani i circ social poblats mar\u00edtims","potentialAction":[{"@type":"SearchAction","target":{"@type":"EntryPoint","urlTemplate":"https:\/\/circvoramar.com\/es\/?s={search_term_string}"},"query-input":{"@type":"PropertyValueSpecification","valueRequired":true,"valueName":"search_term_string"}}],"inLanguage":"es"},{"@type":"Person","@id":"https:\/\/circvoramar.com\/es\/#\/schema\/person\/1ac395b4b6ac8798cab572a3474aceae","name":"programaci\u00f3n","image":{"@type":"ImageObject","inLanguage":"es","@id":"https:\/\/secure.gravatar.com\/avatar\/0ec56849255b442e174c5a2fe8d028320dd18918fdbf02d8321c35b6c74b54bf?s=96&d=mm&r=g","url":"https:\/\/secure.gravatar.com\/avatar\/0ec56849255b442e174c5a2fe8d028320dd18918fdbf02d8321c35b6c74b54bf?s=96&d=mm&r=g","contentUrl":"https:\/\/secure.gravatar.com\/avatar\/0ec56849255b442e174c5a2fe8d028320dd18918fdbf02d8321c35b6c74b54bf?s=96&d=mm&r=g","caption":"programaci\u00f3n"},"url":"https:\/\/circvoramar.com\/es\/author\/webmistress"}]}},"_links":{"self":[{"href":"https:\/\/circvoramar.com\/es\/wp-json\/wp\/v2\/posts\/7478","targetHints":{"allow":["GET"]}}],"collection":[{"href":"https:\/\/circvoramar.com\/es\/wp-json\/wp\/v2\/posts"}],"about":[{"href":"https:\/\/circvoramar.com\/es\/wp-json\/wp\/v2\/types\/post"}],"author":[{"embeddable":true,"href":"https:\/\/circvoramar.com\/es\/wp-json\/wp\/v2\/users\/67"}],"replies":[{"embeddable":true,"href":"https:\/\/circvoramar.com\/es\/wp-json\/wp\/v2\/comments?post=7478"}],"version-history":[{"count":2,"href":"https:\/\/circvoramar.com\/es\/wp-json\/wp\/v2\/posts\/7478\/revisions"}],"predecessor-version":[{"id":7498,"href":"https:\/\/circvoramar.com\/es\/wp-json\/wp\/v2\/posts\/7478\/revisions\/7498"}],"wp:featuredmedia":[{"embeddable":true,"href":"https:\/\/circvoramar.com\/es\/wp-json\/wp\/v2\/media\/7452"}],"wp:attachment":[{"href":"https:\/\/circvoramar.com\/es\/wp-json\/wp\/v2\/media?parent=7478"}],"wp:term":[{"taxonomy":"category","embeddable":true,"href":"https:\/\/circvoramar.com\/es\/wp-json\/wp\/v2\/categories?post=7478"},{"taxonomy":"post_tag","embeddable":true,"href":"https:\/\/circvoramar.com\/es\/wp-json\/wp\/v2\/tags?post=7478"}],"curies":[{"name":"wp","href":"https:\/\/api.w.org\/{rel}","templated":true}]}}