{"id":7787,"date":"2025-08-16T18:25:07","date_gmt":"2025-08-16T16:25:07","guid":{"rendered":"https:\/\/circvoramar.com\/cia-comediants-la-baldufa"},"modified":"2025-08-27T11:50:07","modified_gmt":"2025-08-27T09:50:07","slug":"cia-comediants-la-baldufa","status":"publish","type":"post","link":"https:\/\/circvoramar.com\/es\/cia-comediants-la-baldufa","title":{"rendered":"CIA. COMEDIANTES LA BALDUFA"},"content":{"rendered":"<div class=\"fusion-fullwidth fullwidth-box fusion-builder-row-1 fusion-flex-container has-pattern-background has-mask-background nonhundred-percent-fullwidth non-hundred-percent-height-scrolling\" style=\"--awb-border-radius-top-left:0px;--awb-border-radius-top-right:0px;--awb-border-radius-bottom-right:0px;--awb-border-radius-bottom-left:0px;--awb-flex-wrap:wrap;\" ><div class=\"fusion-builder-row fusion-row fusion-flex-align-items-flex-start fusion-flex-content-wrap\" style=\"max-width:1248px;margin-left: calc(-4% \/ 2 );margin-right: calc(-4% \/ 2 );\"><div class=\"fusion-layout-column fusion_builder_column fusion-builder-column-0 fusion_builder_column_1_1 1_1 fusion-flex-column\" style=\"--awb-bg-size:cover;--awb-width-large:100%;--awb-margin-top-large:0px;--awb-spacing-right-large:1.92%;--awb-margin-bottom-large:0px;--awb-spacing-left-large:1.92%;--awb-width-medium:100%;--awb-order-medium:0;--awb-spacing-right-medium:1.92%;--awb-spacing-left-medium:1.92%;--awb-width-small:100%;--awb-order-small:0;--awb-spacing-right-small:1.92%;--awb-spacing-left-small:1.92%;\"><div class=\"fusion-column-wrapper fusion-column-has-shadow fusion-flex-justify-content-flex-start fusion-content-layout-column\"><div class=\"fusion-text fusion-text-1\"><p align=\"justify\"><img decoding=\"async\" class=\"alignleft size-full wp-image-7784\" src=\"https:\/\/circvoramar.com\/wp-content\/uploads\/2025\/08\/BarakaCircVoramar-Amal.jpg\" alt=\"\" width=\"450\" height=\"300\" srcset=\"https:\/\/circvoramar.com\/wp-content\/uploads\/2025\/08\/BarakaCircVoramar-Amal-200x133.jpg 200w, https:\/\/circvoramar.com\/wp-content\/uploads\/2025\/08\/BarakaCircVoramar-Amal-300x200.jpg 300w, https:\/\/circvoramar.com\/wp-content\/uploads\/2025\/08\/BarakaCircVoramar-Amal-400x267.jpg 400w, https:\/\/circvoramar.com\/wp-content\/uploads\/2025\/08\/BarakaCircVoramar-Amal.jpg 450w\" sizes=\"(max-width: 450px) 100vw, 450px\" \/><strong>C\u00eda. comediants La Baldufa<\/strong> se crea en Lleida en 1996. Actualmente los componentes creativos de la compa\u00f1\u00eda son <strong>Enric Blasi<\/strong>, <strong>Emiliano Pardo<\/strong> y <strong>Carles Pijuan<\/strong>. Desde hace m\u00e1s de 25 a\u00f1os apuestan por crear espect\u00e1culos de artes esc\u00e9nicas de <strong>alta calidad art\u00edstica<\/strong>, <strong>multidisciplinares<\/strong>, dirigidos a todos los p\u00fablicos pero mayoritariamente al <strong>p\u00fablico familiar<\/strong>, y con un importante <strong>trasfondo social<\/strong>. <strong>Premio nacional de artes esc\u00e9nicas para la infancia y la juventud<\/strong> un reconocimiento a la trayectoria de la compa\u00f1\u00eda otorgado por el Ministerio de Cultura y Deporte del Gobierno de Espa\u00f1a., nos ofrece su espect\u00e1culo \u201c<strong>AMAL<\/strong>\u201d<\/p>\n<p align=\"justify\">Amal, en \u00e1rabe, significa <strong>esperanza<\/strong>. Y eso queremos que sea este relato.<\/p>\n<p align=\"justify\">Una historia sobre las personas, la vida y la esperanza de <strong>crear un mundo mejor<\/strong> . En un momento complejo y dif\u00edcil en muchos aspectos, pensamos que los artistas debemos tomar parte, implicarnos y comprometernos con la sociedad en la que vivimos. Esto implica tambi\u00e9n contar historias que hagan reflexionar, propuestas que interpelen al p\u00fablico, que remuevan. Que refuercen el <strong>papel de la cultura<\/strong> como aquel baluarte de libertad desde donde forjamos un <strong>esp\u00edritu cr\u00edtico<\/strong> necesario para reinventar el mundo que habitamos. En resumen, que contribuyan a hacer una <strong>sociedad m\u00e1s justa<\/strong>.<\/p>\n<p align=\"justify\">6 de septiembre. Emprendo el viaje hacia Europa.<\/p>\n<p align=\"justify\">8 de septiembre. La noche es oscura. El mar est\u00e1 picado.<\/p>\n<p align=\"justify\">10 de septiembre. Lo he conseguido. He cruzado el Mediterr\u00e1neo.<\/p>\n<p align=\"justify\">En la periferia de una ciudad cualquiera, en un viejo patio, Amal se esconde en plena huida. Es una joven que despu\u00e9s de vivir los horrores de la guerra ha tenido que dejar su pa\u00eds en busca de refugio en Europa. No sabe que, en ese mismo lugar, otra chica tambi\u00e9n ha buscado refugio para escapar de sus propias angustias y preocupaciones. Quiz\u00e1s descubran que comparten m\u00e1s de lo que pod\u00edan imaginar&#8230; Que a pesar de las diferencias, ambas anhelan encontrar un lugar seguro donde sentirse acogidas y libres de la violencia y la incertidumbre.<\/p>\n<p align=\"justify\"><strong>Autor\u00eda<\/strong>: La Baldufa: Enric Blasi, Emiliano Pardo, Carles Pijuan &amp; Duo Laiaiona: Laia G\u00f3mez, Ona Vives<\/p>\n<p align=\"justify\"><strong>Direcci\u00f3n<\/strong>: La Baldufa<\/p>\n<p align=\"justify\"><strong>Composici\u00f3n musical<\/strong>: \u00d2scar Roig<\/p>\n<p align=\"justify\"><strong>Dise\u00f1o escenogr\u00e1fico<\/strong>: Carles Pijuan<\/p>\n<p align=\"justify\"><strong>Dise\u00f1o y confecci\u00f3n de vestuario<\/strong>: Olga Cuito<\/p>\n<p align=\"justify\"><strong>Construcci\u00f3n de escenograf\u00eda<\/strong>: Juan Manuel Recio, Carles Pijuan, Jaume Serrat<\/p>\n<p align=\"justify\"><strong>Int\u00e9rpretes<\/strong>: Ona Vives, Laia G\u00f3mez<\/p>\n<p align=\"justify\"><strong>Voces en off<\/strong>: Begonya Ferrer<\/p>\n<p align=\"justify\"><strong>Coproducci\u00f3n<\/strong>: FiraT\u00e0rrega &#8211; Suport a la Creaci\u00f3<\/p>\n<p align=\"justify\">Con el <strong>apoyo<\/strong> de:<\/p>\n<p align=\"justify\">\u00b7<strong>IntercettAzioni<\/strong> &#8211; Centro di Residenza Artistica della Lombardia\/Circuito CLAPS<\/p>\n<p align=\"justify\">\u00b7<strong>Generalitat de Catalunya<\/strong> &#8211; Departament de Cultura &#8211; <strong>ICEC<\/strong><\/p>\n<p align=\"justify\">\u00b7<strong>Gobierno de Espa\u00f1a<\/strong> \u2013 Ministerio de Cultura y Deporte \u2013 <strong>INAEM<\/strong><\/p>\n<p align=\"justify\">\u00b7<strong>Institut Ramon Llull<\/strong><\/p>\n<p align=\"justify\">Domingo <strong>31<\/strong> de agosto a las 12.30h, en espacio central en <strong>Tinglado 2 La Marina de Valencia<\/strong> (puerto de Valencia). Todos los p\u00fablicos.<\/p>\n<\/div><\/div><\/div><\/div><\/div>\n","protected":false},"excerpt":{"rendered":"","protected":false},"author":67,"featured_media":7784,"comment_status":"open","ping_status":"open","sticky":false,"template":"","format":"standard","meta":{"footnotes":""},"categories":[134],"tags":[],"class_list":["post-7787","post","type-post","status-publish","format-standard","has-post-thumbnail","hentry","category-programacion-es"],"yoast_head":"<!-- This site is optimized with the Yoast SEO plugin v27.5 - https:\/\/yoast.com\/product\/yoast-seo-wordpress\/ -->\n<title>CIA. COMEDIANTES LA BALDUFA - Circ Voramar<\/title>\n<meta name=\"robots\" content=\"index, follow, max-snippet:-1, max-image-preview:large, max-video-preview:-1\" \/>\n<link rel=\"canonical\" href=\"https:\/\/circvoramar.com\/es\/cia-comediants-la-baldufa\" \/>\n<meta property=\"og:locale\" content=\"es_ES\" \/>\n<meta property=\"og:type\" content=\"article\" \/>\n<meta property=\"og:title\" content=\"CIA. COMEDIANTES LA BALDUFA - Circ Voramar\" \/>\n<meta property=\"og:url\" content=\"https:\/\/circvoramar.com\/es\/cia-comediants-la-baldufa\" \/>\n<meta property=\"og:site_name\" content=\"Circ Voramar\" \/>\n<meta property=\"article:publisher\" content=\"https:\/\/www.facebook.com\/circvoramar\/\" \/>\n<meta property=\"article:published_time\" content=\"2025-08-16T16:25:07+00:00\" \/>\n<meta property=\"article:modified_time\" content=\"2025-08-27T09:50:07+00:00\" \/>\n<meta property=\"og:image\" content=\"https:\/\/circvoramar.com\/wp-content\/uploads\/2025\/08\/BarakaCircVoramar-Amal.jpg\" \/>\n\t<meta property=\"og:image:width\" content=\"450\" \/>\n\t<meta property=\"og:image:height\" content=\"300\" \/>\n\t<meta property=\"og:image:type\" content=\"image\/jpeg\" \/>\n<meta name=\"author\" content=\"programaci\u00f3n\" \/>\n<meta name=\"twitter:card\" content=\"summary_large_image\" \/>\n<meta name=\"twitter:label1\" content=\"Escrito por\" \/>\n\t<meta name=\"twitter:data1\" content=\"programaci\u00f3n\" \/>\n\t<meta name=\"twitter:label2\" content=\"Tiempo de lectura\" \/>\n\t<meta name=\"twitter:data2\" content=\"3 minutos\" \/>\n<script type=\"application\/ld+json\" class=\"yoast-schema-graph\">{\"@context\":\"https:\\\/\\\/schema.org\",\"@graph\":[{\"@type\":\"Article\",\"@id\":\"https:\\\/\\\/circvoramar.com\\\/es\\\/cia-comediants-la-baldufa#article\",\"isPartOf\":{\"@id\":\"https:\\\/\\\/circvoramar.com\\\/es\\\/cia-comediants-la-baldufa\"},\"author\":{\"name\":\"programaci\u00f3n\",\"@id\":\"https:\\\/\\\/circvoramar.com\\\/es\\\/#\\\/schema\\\/person\\\/1ac395b4b6ac8798cab572a3474aceae\"},\"headline\":\"CIA. COMEDIANTES LA BALDUFA\",\"datePublished\":\"2025-08-16T16:25:07+00:00\",\"dateModified\":\"2025-08-27T09:50:07+00:00\",\"mainEntityOfPage\":{\"@id\":\"https:\\\/\\\/circvoramar.com\\\/es\\\/cia-comediants-la-baldufa\"},\"wordCount\":1545,\"commentCount\":0,\"image\":{\"@id\":\"https:\\\/\\\/circvoramar.com\\\/es\\\/cia-comediants-la-baldufa#primaryimage\"},\"thumbnailUrl\":\"https:\\\/\\\/circvoramar.com\\\/wp-content\\\/uploads\\\/2025\\\/08\\\/BarakaCircVoramar-Amal.jpg\",\"articleSection\":[\"PROGRAMACI\u00d3N\"],\"inLanguage\":\"es\",\"potentialAction\":[{\"@type\":\"CommentAction\",\"name\":\"Comment\",\"target\":[\"https:\\\/\\\/circvoramar.com\\\/es\\\/cia-comediants-la-baldufa#respond\"]}]},{\"@type\":\"WebPage\",\"@id\":\"https:\\\/\\\/circvoramar.com\\\/es\\\/cia-comediants-la-baldufa\",\"url\":\"https:\\\/\\\/circvoramar.com\\\/es\\\/cia-comediants-la-baldufa\",\"name\":\"CIA. COMEDIANTES LA BALDUFA - Circ Voramar\",\"isPartOf\":{\"@id\":\"https:\\\/\\\/circvoramar.com\\\/es\\\/#website\"},\"primaryImageOfPage\":{\"@id\":\"https:\\\/\\\/circvoramar.com\\\/es\\\/cia-comediants-la-baldufa#primaryimage\"},\"image\":{\"@id\":\"https:\\\/\\\/circvoramar.com\\\/es\\\/cia-comediants-la-baldufa#primaryimage\"},\"thumbnailUrl\":\"https:\\\/\\\/circvoramar.com\\\/wp-content\\\/uploads\\\/2025\\\/08\\\/BarakaCircVoramar-Amal.jpg\",\"datePublished\":\"2025-08-16T16:25:07+00:00\",\"dateModified\":\"2025-08-27T09:50:07+00:00\",\"author\":{\"@id\":\"https:\\\/\\\/circvoramar.com\\\/es\\\/#\\\/schema\\\/person\\\/1ac395b4b6ac8798cab572a3474aceae\"},\"breadcrumb\":{\"@id\":\"https:\\\/\\\/circvoramar.com\\\/es\\\/cia-comediants-la-baldufa#breadcrumb\"},\"inLanguage\":\"es\",\"potentialAction\":[{\"@type\":\"ReadAction\",\"target\":[\"https:\\\/\\\/circvoramar.com\\\/es\\\/cia-comediants-la-baldufa\"]}]},{\"@type\":\"ImageObject\",\"inLanguage\":\"es\",\"@id\":\"https:\\\/\\\/circvoramar.com\\\/es\\\/cia-comediants-la-baldufa#primaryimage\",\"url\":\"https:\\\/\\\/circvoramar.com\\\/wp-content\\\/uploads\\\/2025\\\/08\\\/BarakaCircVoramar-Amal.jpg\",\"contentUrl\":\"https:\\\/\\\/circvoramar.com\\\/wp-content\\\/uploads\\\/2025\\\/08\\\/BarakaCircVoramar-Amal.jpg\",\"width\":450,\"height\":300},{\"@type\":\"BreadcrumbList\",\"@id\":\"https:\\\/\\\/circvoramar.com\\\/es\\\/cia-comediants-la-baldufa#breadcrumb\",\"itemListElement\":[{\"@type\":\"ListItem\",\"position\":1,\"name\":\"Portada\",\"item\":\"https:\\\/\\\/circvoramar.com\\\/es\\\/inicio\"},{\"@type\":\"ListItem\",\"position\":2,\"name\":\"CIA. COMEDIANTES LA BALDUFA\"}]},{\"@type\":\"WebSite\",\"@id\":\"https:\\\/\\\/circvoramar.com\\\/es\\\/#website\",\"url\":\"https:\\\/\\\/circvoramar.com\\\/es\\\/\",\"name\":\"Circ Voramar\",\"description\":\"Contemporani i circ social poblats mar\u00edtims\",\"potentialAction\":[{\"@type\":\"SearchAction\",\"target\":{\"@type\":\"EntryPoint\",\"urlTemplate\":\"https:\\\/\\\/circvoramar.com\\\/es\\\/?s={search_term_string}\"},\"query-input\":{\"@type\":\"PropertyValueSpecification\",\"valueRequired\":true,\"valueName\":\"search_term_string\"}}],\"inLanguage\":\"es\"},{\"@type\":\"Person\",\"@id\":\"https:\\\/\\\/circvoramar.com\\\/es\\\/#\\\/schema\\\/person\\\/1ac395b4b6ac8798cab572a3474aceae\",\"name\":\"programaci\u00f3n\",\"image\":{\"@type\":\"ImageObject\",\"inLanguage\":\"es\",\"@id\":\"https:\\\/\\\/secure.gravatar.com\\\/avatar\\\/0ec56849255b442e174c5a2fe8d028320dd18918fdbf02d8321c35b6c74b54bf?s=96&d=mm&r=g\",\"url\":\"https:\\\/\\\/secure.gravatar.com\\\/avatar\\\/0ec56849255b442e174c5a2fe8d028320dd18918fdbf02d8321c35b6c74b54bf?s=96&d=mm&r=g\",\"contentUrl\":\"https:\\\/\\\/secure.gravatar.com\\\/avatar\\\/0ec56849255b442e174c5a2fe8d028320dd18918fdbf02d8321c35b6c74b54bf?s=96&d=mm&r=g\",\"caption\":\"programaci\u00f3n\"},\"url\":\"https:\\\/\\\/circvoramar.com\\\/es\\\/author\\\/webmistress\"}]}<\/script>\n<!-- \/ Yoast SEO plugin. -->","yoast_head_json":{"title":"CIA. COMEDIANTES LA BALDUFA - Circ Voramar","robots":{"index":"index","follow":"follow","max-snippet":"max-snippet:-1","max-image-preview":"max-image-preview:large","max-video-preview":"max-video-preview:-1"},"canonical":"https:\/\/circvoramar.com\/es\/cia-comediants-la-baldufa","og_locale":"es_ES","og_type":"article","og_title":"CIA. COMEDIANTES LA BALDUFA - Circ Voramar","og_url":"https:\/\/circvoramar.com\/es\/cia-comediants-la-baldufa","og_site_name":"Circ Voramar","article_publisher":"https:\/\/www.facebook.com\/circvoramar\/","article_published_time":"2025-08-16T16:25:07+00:00","article_modified_time":"2025-08-27T09:50:07+00:00","og_image":[{"width":450,"height":300,"url":"https:\/\/circvoramar.com\/wp-content\/uploads\/2025\/08\/BarakaCircVoramar-Amal.jpg","type":"image\/jpeg"}],"author":"programaci\u00f3n","twitter_card":"summary_large_image","twitter_misc":{"Escrito por":"programaci\u00f3n","Tiempo de lectura":"3 minutos"},"schema":{"@context":"https:\/\/schema.org","@graph":[{"@type":"Article","@id":"https:\/\/circvoramar.com\/es\/cia-comediants-la-baldufa#article","isPartOf":{"@id":"https:\/\/circvoramar.com\/es\/cia-comediants-la-baldufa"},"author":{"name":"programaci\u00f3n","@id":"https:\/\/circvoramar.com\/es\/#\/schema\/person\/1ac395b4b6ac8798cab572a3474aceae"},"headline":"CIA. COMEDIANTES LA BALDUFA","datePublished":"2025-08-16T16:25:07+00:00","dateModified":"2025-08-27T09:50:07+00:00","mainEntityOfPage":{"@id":"https:\/\/circvoramar.com\/es\/cia-comediants-la-baldufa"},"wordCount":1545,"commentCount":0,"image":{"@id":"https:\/\/circvoramar.com\/es\/cia-comediants-la-baldufa#primaryimage"},"thumbnailUrl":"https:\/\/circvoramar.com\/wp-content\/uploads\/2025\/08\/BarakaCircVoramar-Amal.jpg","articleSection":["PROGRAMACI\u00d3N"],"inLanguage":"es","potentialAction":[{"@type":"CommentAction","name":"Comment","target":["https:\/\/circvoramar.com\/es\/cia-comediants-la-baldufa#respond"]}]},{"@type":"WebPage","@id":"https:\/\/circvoramar.com\/es\/cia-comediants-la-baldufa","url":"https:\/\/circvoramar.com\/es\/cia-comediants-la-baldufa","name":"CIA. COMEDIANTES LA BALDUFA - Circ Voramar","isPartOf":{"@id":"https:\/\/circvoramar.com\/es\/#website"},"primaryImageOfPage":{"@id":"https:\/\/circvoramar.com\/es\/cia-comediants-la-baldufa#primaryimage"},"image":{"@id":"https:\/\/circvoramar.com\/es\/cia-comediants-la-baldufa#primaryimage"},"thumbnailUrl":"https:\/\/circvoramar.com\/wp-content\/uploads\/2025\/08\/BarakaCircVoramar-Amal.jpg","datePublished":"2025-08-16T16:25:07+00:00","dateModified":"2025-08-27T09:50:07+00:00","author":{"@id":"https:\/\/circvoramar.com\/es\/#\/schema\/person\/1ac395b4b6ac8798cab572a3474aceae"},"breadcrumb":{"@id":"https:\/\/circvoramar.com\/es\/cia-comediants-la-baldufa#breadcrumb"},"inLanguage":"es","potentialAction":[{"@type":"ReadAction","target":["https:\/\/circvoramar.com\/es\/cia-comediants-la-baldufa"]}]},{"@type":"ImageObject","inLanguage":"es","@id":"https:\/\/circvoramar.com\/es\/cia-comediants-la-baldufa#primaryimage","url":"https:\/\/circvoramar.com\/wp-content\/uploads\/2025\/08\/BarakaCircVoramar-Amal.jpg","contentUrl":"https:\/\/circvoramar.com\/wp-content\/uploads\/2025\/08\/BarakaCircVoramar-Amal.jpg","width":450,"height":300},{"@type":"BreadcrumbList","@id":"https:\/\/circvoramar.com\/es\/cia-comediants-la-baldufa#breadcrumb","itemListElement":[{"@type":"ListItem","position":1,"name":"Portada","item":"https:\/\/circvoramar.com\/es\/inicio"},{"@type":"ListItem","position":2,"name":"CIA. COMEDIANTES LA BALDUFA"}]},{"@type":"WebSite","@id":"https:\/\/circvoramar.com\/es\/#website","url":"https:\/\/circvoramar.com\/es\/","name":"Circ Voramar","description":"Contemporani i circ social poblats mar\u00edtims","potentialAction":[{"@type":"SearchAction","target":{"@type":"EntryPoint","urlTemplate":"https:\/\/circvoramar.com\/es\/?s={search_term_string}"},"query-input":{"@type":"PropertyValueSpecification","valueRequired":true,"valueName":"search_term_string"}}],"inLanguage":"es"},{"@type":"Person","@id":"https:\/\/circvoramar.com\/es\/#\/schema\/person\/1ac395b4b6ac8798cab572a3474aceae","name":"programaci\u00f3n","image":{"@type":"ImageObject","inLanguage":"es","@id":"https:\/\/secure.gravatar.com\/avatar\/0ec56849255b442e174c5a2fe8d028320dd18918fdbf02d8321c35b6c74b54bf?s=96&d=mm&r=g","url":"https:\/\/secure.gravatar.com\/avatar\/0ec56849255b442e174c5a2fe8d028320dd18918fdbf02d8321c35b6c74b54bf?s=96&d=mm&r=g","contentUrl":"https:\/\/secure.gravatar.com\/avatar\/0ec56849255b442e174c5a2fe8d028320dd18918fdbf02d8321c35b6c74b54bf?s=96&d=mm&r=g","caption":"programaci\u00f3n"},"url":"https:\/\/circvoramar.com\/es\/author\/webmistress"}]}},"_links":{"self":[{"href":"https:\/\/circvoramar.com\/es\/wp-json\/wp\/v2\/posts\/7787","targetHints":{"allow":["GET"]}}],"collection":[{"href":"https:\/\/circvoramar.com\/es\/wp-json\/wp\/v2\/posts"}],"about":[{"href":"https:\/\/circvoramar.com\/es\/wp-json\/wp\/v2\/types\/post"}],"author":[{"embeddable":true,"href":"https:\/\/circvoramar.com\/es\/wp-json\/wp\/v2\/users\/67"}],"replies":[{"embeddable":true,"href":"https:\/\/circvoramar.com\/es\/wp-json\/wp\/v2\/comments?post=7787"}],"version-history":[{"count":3,"href":"https:\/\/circvoramar.com\/es\/wp-json\/wp\/v2\/posts\/7787\/revisions"}],"predecessor-version":[{"id":7865,"href":"https:\/\/circvoramar.com\/es\/wp-json\/wp\/v2\/posts\/7787\/revisions\/7865"}],"wp:featuredmedia":[{"embeddable":true,"href":"https:\/\/circvoramar.com\/es\/wp-json\/wp\/v2\/media\/7784"}],"wp:attachment":[{"href":"https:\/\/circvoramar.com\/es\/wp-json\/wp\/v2\/media?parent=7787"}],"wp:term":[{"taxonomy":"category","embeddable":true,"href":"https:\/\/circvoramar.com\/es\/wp-json\/wp\/v2\/categories?post=7787"},{"taxonomy":"post_tag","embeddable":true,"href":"https:\/\/circvoramar.com\/es\/wp-json\/wp\/v2\/tags?post=7787"}],"curies":[{"name":"wp","href":"https:\/\/api.w.org\/{rel}","templated":true}]}}